{"id":206,"date":"2024-03-16T17:03:24","date_gmt":"2024-03-16T17:03:24","guid":{"rendered":"https:\/\/primaristic.de\/?p=206"},"modified":"2025-06-07T12:56:11","modified_gmt":"2025-06-07T12:56:11","slug":"neue-fortbildungsreihe","status":"publish","type":"post","link":"https:\/\/primaristic.de\/index.php\/2024\/03\/16\/neue-fortbildungsreihe\/","title":{"rendered":"Neue Fortbildungsreihe"},"content":{"rendered":"\n<p><\/p>\n\n\n<p>Ab sofort k\u00f6nnen Sie sich f\u00fcr die neue Fortbildungsreihe im Herbst anmelden. Es sind nur noch wenige Pl\u00e4tze frei.<\/p>\n<h1>Interesse an einer Weiterbildung zur zertifizierten Primaristin?<\/h1>\n<p>Infoabend kostenlos online:<\/p>\n<h2>23.07.2024 um 19:00 Uhr<\/h2>\n<p>Neuer Ausbildungsstart: <strong>Oktober 2024<\/strong><\/p>\n<p>Kontakt und Anmeldung beim Leitungsteam der Akademie f\u00fcr Primaristic:<\/p>\n<p>Svenja Schrode (Physiotherapeutin) und Dr. med. Elke Mari.<\/p>\n<p>+49 157 37618362<\/p>\n<p><img loading=\"lazy\" decoding=\"async\" class=\"alignnone  wp-image-294\" src=\"https:\/\/primaristic.de\/wp-content\/uploads\/2024\/03\/Bild_2024-06-25_215114428-222x300.png\" alt=\"\" width=\"374\" height=\"505\" srcset=\"https:\/\/primaristic.de\/wp-content\/uploads\/2024\/03\/Bild_2024-06-25_215114428-222x300.png 222w, https:\/\/primaristic.de\/wp-content\/uploads\/2024\/03\/Bild_2024-06-25_215114428.png 480w\" sizes=\"auto, (max-width: 374px) 100vw, 374px\" \/><\/p>","protected":false},"excerpt":{"rendered":"<p>Ab sofort k\u00f6nnen Sie sich f\u00fcr die neue Fortbildungsreihe im Herbst anmelden. Es sind nur noch wenige Pl\u00e4tze frei. Interesse an einer Weiterbildung zur zertifizierten Primaristin? Infoabend kostenlos online: 23.07.2024 um 19:00 Uhr Neuer Ausbildungsstart: Oktober 2024 Kontakt und Anmeldung beim Leitungsteam der Akademie f\u00fcr Primaristic: Svenja Schrode (Physiotherapeutin) und Dr. med. Elke Mari. +49 &hellip; <\/p>\n<p class=\"link-more\"><a href=\"https:\/\/primaristic.de\/index.php\/2024\/03\/16\/neue-fortbildungsreihe\/\" class=\"more-link\">Mehr <span class=\"screen-reader-text\">\u00fcber &#8222;Neue Fortbildungsreihe&#8220; <\/span>Lesen<\/a><\/p>\n","protected":false},"author":2,"featured_media":0,"comment_status":"closed","ping_status":"closed","sticky":false,"template":"","format":"standard","meta":{"_acf_changed":false,"_monsterinsights_skip_tracking":false,"_monsterinsights_sitenote_active":false,"_monsterinsights_sitenote_note":"","_monsterinsights_sitenote_category":0,"_jetpack_memberships_contains_paid_content":false,"footnotes":""},"categories":[1],"tags":[],"class_list":["post-206","post","type-post","status-publish","format-standard","hentry","category-uncategorized"],"acf":[],"yoast_head":"<!-- This site is optimized with the Yoast SEO plugin v26.6 - https:\/\/yoast.com\/wordpress\/plugins\/seo\/ -->\n<title>Neue Fortbildungsreihe - primaristic.de<\/title>\n<meta name=\"robots\" content=\"index, follow, max-snippet:-1, max-image-preview:large, max-video-preview:-1\" \/>\n<link rel=\"canonical\" href=\"https:\/\/primaristic.de\/index.php\/2024\/03\/16\/neue-fortbildungsreihe\/\" \/>\n<meta property=\"og:locale\" content=\"de_DE\" \/>\n<meta property=\"og:type\" content=\"article\" \/>\n<meta property=\"og:title\" content=\"Neue Fortbildungsreihe - primaristic.de\" \/>\n<meta property=\"og:description\" content=\"Ab sofort k\u00f6nnen Sie sich f\u00fcr die neue Fortbildungsreihe im Herbst anmelden. Es sind nur noch wenige Pl\u00e4tze frei. Interesse an einer Weiterbildung zur zertifizierten Primaristin? Infoabend kostenlos online: 23.07.2024 um 19:00 Uhr Neuer Ausbildungsstart: Oktober 2024 Kontakt und Anmeldung beim Leitungsteam der Akademie f\u00fcr Primaristic: Svenja Schrode (Physiotherapeutin) und Dr. med. Elke Mari. +49 &hellip; Mehr \u00fcber &quot;Neue Fortbildungsreihe&quot; Lesen\" \/>\n<meta property=\"og:url\" content=\"https:\/\/primaristic.de\/index.php\/2024\/03\/16\/neue-fortbildungsreihe\/\" \/>\n<meta property=\"og:site_name\" content=\"primaristic.de\" \/>\n<meta property=\"article:published_time\" content=\"2024-03-16T17:03:24+00:00\" \/>\n<meta property=\"article:modified_time\" content=\"2025-06-07T12:56:11+00:00\" \/>\n<meta property=\"og:image\" content=\"https:\/\/primaristic.de\/wp-content\/uploads\/2024\/03\/Bild_2024-06-25_215114428.png\" \/>\n\t<meta property=\"og:image:width\" content=\"480\" \/>\n\t<meta property=\"og:image:height\" content=\"648\" \/>\n\t<meta property=\"og:image:type\" content=\"image\/png\" \/>\n<meta name=\"author\" content=\"Eckhard\" \/>\n<meta name=\"twitter:card\" content=\"summary_large_image\" \/>\n<meta name=\"twitter:label1\" content=\"Verfasst von\" \/>\n\t<meta name=\"twitter:data1\" content=\"Eckhard\" \/>\n\t<meta name=\"twitter:label2\" content=\"Gesch\u00e4tzte Lesezeit\" \/>\n\t<meta name=\"twitter:data2\" content=\"1\u00a0Minute\" \/>\n<script type=\"application\/ld+json\" class=\"yoast-schema-graph\">{\"@context\":\"https:\/\/schema.org\",\"@graph\":[{\"@type\":\"Article\",\"@id\":\"https:\/\/primaristic.de\/index.php\/2024\/03\/16\/neue-fortbildungsreihe\/#article\",\"isPartOf\":{\"@id\":\"https:\/\/primaristic.de\/index.php\/2024\/03\/16\/neue-fortbildungsreihe\/\"},\"author\":{\"name\":\"Eckhard\",\"@id\":\"https:\/\/primaristic.de\/#\/schema\/person\/7c0e910e0b224a54486b74b8c680ce1d\"},\"headline\":\"Neue Fortbildungsreihe\",\"datePublished\":\"2024-03-16T17:03:24+00:00\",\"dateModified\":\"2025-06-07T12:56:11+00:00\",\"mainEntityOfPage\":{\"@id\":\"https:\/\/primaristic.de\/index.php\/2024\/03\/16\/neue-fortbildungsreihe\/\"},\"wordCount\":57,\"publisher\":{\"@id\":\"https:\/\/primaristic.de\/#organization\"},\"image\":{\"@id\":\"https:\/\/primaristic.de\/index.php\/2024\/03\/16\/neue-fortbildungsreihe\/#primaryimage\"},\"thumbnailUrl\":\"https:\/\/primaristic.de\/wp-content\/uploads\/2024\/03\/Bild_2024-06-25_215114428-222x300.png\",\"articleSection\":[\"Uncategorized\"],\"inLanguage\":\"de\"},{\"@type\":\"WebPage\",\"@id\":\"https:\/\/primaristic.de\/index.php\/2024\/03\/16\/neue-fortbildungsreihe\/\",\"url\":\"https:\/\/primaristic.de\/index.php\/2024\/03\/16\/neue-fortbildungsreihe\/\",\"name\":\"Neue Fortbildungsreihe - primaristic.de\",\"isPartOf\":{\"@id\":\"https:\/\/primaristic.de\/#website\"},\"primaryImageOfPage\":{\"@id\":\"https:\/\/primaristic.de\/index.php\/2024\/03\/16\/neue-fortbildungsreihe\/#primaryimage\"},\"image\":{\"@id\":\"https:\/\/primaristic.de\/index.php\/2024\/03\/16\/neue-fortbildungsreihe\/#primaryimage\"},\"thumbnailUrl\":\"https:\/\/primaristic.de\/wp-content\/uploads\/2024\/03\/Bild_2024-06-25_215114428-222x300.png\",\"datePublished\":\"2024-03-16T17:03:24+00:00\",\"dateModified\":\"2025-06-07T12:56:11+00:00\",\"breadcrumb\":{\"@id\":\"https:\/\/primaristic.de\/index.php\/2024\/03\/16\/neue-fortbildungsreihe\/#breadcrumb\"},\"inLanguage\":\"de\",\"potentialAction\":[{\"@type\":\"ReadAction\",\"target\":[\"https:\/\/primaristic.de\/index.php\/2024\/03\/16\/neue-fortbildungsreihe\/\"]}]},{\"@type\":\"ImageObject\",\"inLanguage\":\"de\",\"@id\":\"https:\/\/primaristic.de\/index.php\/2024\/03\/16\/neue-fortbildungsreihe\/#primaryimage\",\"url\":\"https:\/\/primaristic.de\/wp-content\/uploads\/2024\/03\/Bild_2024-06-25_215114428.png\",\"contentUrl\":\"https:\/\/primaristic.de\/wp-content\/uploads\/2024\/03\/Bild_2024-06-25_215114428.png\",\"width\":480,\"height\":648},{\"@type\":\"BreadcrumbList\",\"@id\":\"https:\/\/primaristic.de\/index.php\/2024\/03\/16\/neue-fortbildungsreihe\/#breadcrumb\",\"itemListElement\":[{\"@type\":\"ListItem\",\"position\":1,\"name\":\"Startseite\",\"item\":\"https:\/\/primaristic.de\/\"},{\"@type\":\"ListItem\",\"position\":2,\"name\":\"Neue Fortbildungsreihe\"}]},{\"@type\":\"WebSite\",\"@id\":\"https:\/\/primaristic.de\/#website\",\"url\":\"https:\/\/primaristic.de\/\",\"name\":\"primaristic.de\",\"description\":\"Dachverband der Primaristinnen in Deutschland\",\"publisher\":{\"@id\":\"https:\/\/primaristic.de\/#organization\"},\"potentialAction\":[{\"@type\":\"SearchAction\",\"target\":{\"@type\":\"EntryPoint\",\"urlTemplate\":\"https:\/\/primaristic.de\/?s={search_term_string}\"},\"query-input\":{\"@type\":\"PropertyValueSpecification\",\"valueRequired\":true,\"valueName\":\"search_term_string\"}}],\"inLanguage\":\"de\"},{\"@type\":\"Organization\",\"@id\":\"https:\/\/primaristic.de\/#organization\",\"name\":\"primaristic.de\",\"url\":\"https:\/\/primaristic.de\/\",\"logo\":{\"@type\":\"ImageObject\",\"inLanguage\":\"de\",\"@id\":\"https:\/\/primaristic.de\/#\/schema\/logo\/image\/\",\"url\":\"https:\/\/primaristic.de\/wp-content\/uploads\/2024\/11\/Logo-Weiss-groesser.png\",\"contentUrl\":\"https:\/\/primaristic.de\/wp-content\/uploads\/2024\/11\/Logo-Weiss-groesser.png\",\"width\":1124,\"height\":749,\"caption\":\"primaristic.de\"},\"image\":{\"@id\":\"https:\/\/primaristic.de\/#\/schema\/logo\/image\/\"}},{\"@type\":\"Person\",\"@id\":\"https:\/\/primaristic.de\/#\/schema\/person\/7c0e910e0b224a54486b74b8c680ce1d\",\"name\":\"Eckhard\",\"image\":{\"@type\":\"ImageObject\",\"inLanguage\":\"de\",\"@id\":\"https:\/\/primaristic.de\/#\/schema\/person\/image\/\",\"url\":\"https:\/\/secure.gravatar.com\/avatar\/15bedd85e4b2792c58c99f091f131ecf4a95efde8f87bf714945b91494ac5f88?s=96&d=mm&r=g\",\"contentUrl\":\"https:\/\/secure.gravatar.com\/avatar\/15bedd85e4b2792c58c99f091f131ecf4a95efde8f87bf714945b91494ac5f88?s=96&d=mm&r=g\",\"caption\":\"Eckhard\"},\"url\":\"https:\/\/primaristic.de\/index.php\/author\/eckhard-muser\/\"}]}<\/script>\n<!-- \/ Yoast SEO plugin. -->","yoast_head_json":{"title":"Neue Fortbildungsreihe - primaristic.de","robots":{"index":"index","follow":"follow","max-snippet":"max-snippet:-1","max-image-preview":"max-image-preview:large","max-video-preview":"max-video-preview:-1"},"canonical":"https:\/\/primaristic.de\/index.php\/2024\/03\/16\/neue-fortbildungsreihe\/","og_locale":"de_DE","og_type":"article","og_title":"Neue Fortbildungsreihe - primaristic.de","og_description":"Ab sofort k\u00f6nnen Sie sich f\u00fcr die neue Fortbildungsreihe im Herbst anmelden. Es sind nur noch wenige Pl\u00e4tze frei. Interesse an einer Weiterbildung zur zertifizierten Primaristin? Infoabend kostenlos online: 23.07.2024 um 19:00 Uhr Neuer Ausbildungsstart: Oktober 2024 Kontakt und Anmeldung beim Leitungsteam der Akademie f\u00fcr Primaristic: Svenja Schrode (Physiotherapeutin) und Dr. med. Elke Mari. +49 &hellip; Mehr \u00fcber \"Neue Fortbildungsreihe\" Lesen","og_url":"https:\/\/primaristic.de\/index.php\/2024\/03\/16\/neue-fortbildungsreihe\/","og_site_name":"primaristic.de","article_published_time":"2024-03-16T17:03:24+00:00","article_modified_time":"2025-06-07T12:56:11+00:00","og_image":[{"width":480,"height":648,"url":"https:\/\/primaristic.de\/wp-content\/uploads\/2024\/03\/Bild_2024-06-25_215114428.png","type":"image\/png"}],"author":"Eckhard","twitter_card":"summary_large_image","twitter_misc":{"Verfasst von":"Eckhard","Gesch\u00e4tzte Lesezeit":"1\u00a0Minute"},"schema":{"@context":"https:\/\/schema.org","@graph":[{"@type":"Article","@id":"https:\/\/primaristic.de\/index.php\/2024\/03\/16\/neue-fortbildungsreihe\/#article","isPartOf":{"@id":"https:\/\/primaristic.de\/index.php\/2024\/03\/16\/neue-fortbildungsreihe\/"},"author":{"name":"Eckhard","@id":"https:\/\/primaristic.de\/#\/schema\/person\/7c0e910e0b224a54486b74b8c680ce1d"},"headline":"Neue Fortbildungsreihe","datePublished":"2024-03-16T17:03:24+00:00","dateModified":"2025-06-07T12:56:11+00:00","mainEntityOfPage":{"@id":"https:\/\/primaristic.de\/index.php\/2024\/03\/16\/neue-fortbildungsreihe\/"},"wordCount":57,"publisher":{"@id":"https:\/\/primaristic.de\/#organization"},"image":{"@id":"https:\/\/primaristic.de\/index.php\/2024\/03\/16\/neue-fortbildungsreihe\/#primaryimage"},"thumbnailUrl":"https:\/\/primaristic.de\/wp-content\/uploads\/2024\/03\/Bild_2024-06-25_215114428-222x300.png","articleSection":["Uncategorized"],"inLanguage":"de"},{"@type":"WebPage","@id":"https:\/\/primaristic.de\/index.php\/2024\/03\/16\/neue-fortbildungsreihe\/","url":"https:\/\/primaristic.de\/index.php\/2024\/03\/16\/neue-fortbildungsreihe\/","name":"Neue Fortbildungsreihe - primaristic.de","isPartOf":{"@id":"https:\/\/primaristic.de\/#website"},"primaryImageOfPage":{"@id":"https:\/\/primaristic.de\/index.php\/2024\/03\/16\/neue-fortbildungsreihe\/#primaryimage"},"image":{"@id":"https:\/\/primaristic.de\/index.php\/2024\/03\/16\/neue-fortbildungsreihe\/#primaryimage"},"thumbnailUrl":"https:\/\/primaristic.de\/wp-content\/uploads\/2024\/03\/Bild_2024-06-25_215114428-222x300.png","datePublished":"2024-03-16T17:03:24+00:00","dateModified":"2025-06-07T12:56:11+00:00","breadcrumb":{"@id":"https:\/\/primaristic.de\/index.php\/2024\/03\/16\/neue-fortbildungsreihe\/#breadcrumb"},"inLanguage":"de","potentialAction":[{"@type":"ReadAction","target":["https:\/\/primaristic.de\/index.php\/2024\/03\/16\/neue-fortbildungsreihe\/"]}]},{"@type":"ImageObject","inLanguage":"de","@id":"https:\/\/primaristic.de\/index.php\/2024\/03\/16\/neue-fortbildungsreihe\/#primaryimage","url":"https:\/\/primaristic.de\/wp-content\/uploads\/2024\/03\/Bild_2024-06-25_215114428.png","contentUrl":"https:\/\/primaristic.de\/wp-content\/uploads\/2024\/03\/Bild_2024-06-25_215114428.png","width":480,"height":648},{"@type":"BreadcrumbList","@id":"https:\/\/primaristic.de\/index.php\/2024\/03\/16\/neue-fortbildungsreihe\/#breadcrumb","itemListElement":[{"@type":"ListItem","position":1,"name":"Startseite","item":"https:\/\/primaristic.de\/"},{"@type":"ListItem","position":2,"name":"Neue Fortbildungsreihe"}]},{"@type":"WebSite","@id":"https:\/\/primaristic.de\/#website","url":"https:\/\/primaristic.de\/","name":"primaristic.de","description":"Dachverband der Primaristinnen in Deutschland","publisher":{"@id":"https:\/\/primaristic.de\/#organization"},"potentialAction":[{"@type":"SearchAction","target":{"@type":"EntryPoint","urlTemplate":"https:\/\/primaristic.de\/?s={search_term_string}"},"query-input":{"@type":"PropertyValueSpecification","valueRequired":true,"valueName":"search_term_string"}}],"inLanguage":"de"},{"@type":"Organization","@id":"https:\/\/primaristic.de\/#organization","name":"primaristic.de","url":"https:\/\/primaristic.de\/","logo":{"@type":"ImageObject","inLanguage":"de","@id":"https:\/\/primaristic.de\/#\/schema\/logo\/image\/","url":"https:\/\/primaristic.de\/wp-content\/uploads\/2024\/11\/Logo-Weiss-groesser.png","contentUrl":"https:\/\/primaristic.de\/wp-content\/uploads\/2024\/11\/Logo-Weiss-groesser.png","width":1124,"height":749,"caption":"primaristic.de"},"image":{"@id":"https:\/\/primaristic.de\/#\/schema\/logo\/image\/"}},{"@type":"Person","@id":"https:\/\/primaristic.de\/#\/schema\/person\/7c0e910e0b224a54486b74b8c680ce1d","name":"Eckhard","image":{"@type":"ImageObject","inLanguage":"de","@id":"https:\/\/primaristic.de\/#\/schema\/person\/image\/","url":"https:\/\/secure.gravatar.com\/avatar\/15bedd85e4b2792c58c99f091f131ecf4a95efde8f87bf714945b91494ac5f88?s=96&d=mm&r=g","contentUrl":"https:\/\/secure.gravatar.com\/avatar\/15bedd85e4b2792c58c99f091f131ecf4a95efde8f87bf714945b91494ac5f88?s=96&d=mm&r=g","caption":"Eckhard"},"url":"https:\/\/primaristic.de\/index.php\/author\/eckhard-muser\/"}]}},"jetpack_featured_media_url":"","jetpack_sharing_enabled":true,"_links":{"self":[{"href":"https:\/\/primaristic.de\/index.php\/wp-json\/wp\/v2\/posts\/206","targetHints":{"allow":["GET"]}}],"collection":[{"href":"https:\/\/primaristic.de\/index.php\/wp-json\/wp\/v2\/posts"}],"about":[{"href":"https:\/\/primaristic.de\/index.php\/wp-json\/wp\/v2\/types\/post"}],"author":[{"embeddable":true,"href":"https:\/\/primaristic.de\/index.php\/wp-json\/wp\/v2\/users\/2"}],"replies":[{"embeddable":true,"href":"https:\/\/primaristic.de\/index.php\/wp-json\/wp\/v2\/comments?post=206"}],"version-history":[{"count":6,"href":"https:\/\/primaristic.de\/index.php\/wp-json\/wp\/v2\/posts\/206\/revisions"}],"predecessor-version":[{"id":343,"href":"https:\/\/primaristic.de\/index.php\/wp-json\/wp\/v2\/posts\/206\/revisions\/343"}],"wp:attachment":[{"href":"https:\/\/primaristic.de\/index.php\/wp-json\/wp\/v2\/media?parent=206"}],"wp:term":[{"taxonomy":"category","embeddable":true,"href":"https:\/\/primaristic.de\/index.php\/wp-json\/wp\/v2\/categories?post=206"},{"taxonomy":"post_tag","embeddable":true,"href":"https:\/\/primaristic.de\/index.php\/wp-json\/wp\/v2\/tags?post=206"}],"curies":[{"name":"wp","href":"https:\/\/api.w.org\/{rel}","templated":true}]}}